{"id":20442,"date":"2023-06-07T23:52:38","date_gmt":"2023-06-07T21:52:38","guid":{"rendered":"https:\/\/www.aimg-mp.com\/?p=20442"},"modified":"2023-06-07T23:52:51","modified_gmt":"2023-06-07T21:52:51","slug":"saubens-haute-garonne-remplacement-periode-du-24-au-28-juillet-2023","status":"publish","type":"post","link":"https:\/\/www.aimg-mp.com\/index.php\/2023\/06\/07\/saubens-haute-garonne-remplacement-periode-du-24-au-28-juillet-2023\/","title":{"rendered":"Saubens (Haute-Garonne) &#8211; Remplacement p\u00e9riode du 24 au 28 juillet 2023"},"content":{"rendered":"<p style=\"text-align: justify;\">Nom du praticien : Dr.Fiquet-Peuch Jessie<\/p>\n<p>Localisation : Saubens (Haute-Garonne)<\/p>\n<p>P\u00e9riode(s) souhait\u00e9e(s) de remplacement : Du 24 au 28 juillet 2023<\/p>\n<p>Pourcentage de r\u00e9trocession : 80%<\/p>\n<p>Caract\u00e9ristiques du cabinet :<br \/>\n. Logiciel utilis\u00e9 : HelloDoc<br \/>\n. Secr\u00e9tariat : oui<br \/>\n. Sur rendez-vous : oui<br \/>\n. Gardes : non<br \/>\n. Autres professionnels : Dentistes, Cabinet IDE, Assistante m\u00e9dicale, M\u00e9decins g\u00e9n\u00e9ralistes<br \/>\n. Autres infos : Situ\u00e9 \u00e0 5 minutes IKEA.<br \/>\nHoraires et jours modulables selon vos souhaits, consultations uniquement sur rendez-vous, tr\u00e8s peu de visites et sur p\u00e9rim\u00e8tre restreint, assistante m\u00e9dicale, t\u00e9l\u00e9secr\u00e9tariat et doctolib<br \/>\nActivit\u00e9s vari\u00e9es : p\u00e9dia, gyn\u00e9co\u2026<br \/>\nCabinet climatis\u00e9 !<\/p>\n<p>Contact :<br \/>\nDr.Fiquet-Peuch Jessie<br \/>\n<a href=\"mailto:jess.fiquet@gmail.com\">jess.fiquet@gmail.com<\/a><br \/>\n27 rue des \u00e9coles<\/p>\n","protected":false},"excerpt":{"rendered":"<p>Nom du praticien : Dr.Fiquet-Peuch Jessie Localisation : Saubens (Haute-Garonne) P\u00e9riode(s) souhait\u00e9e(s) de remplacement : Du 24 au 28 juillet 2023 Pourcentage de r\u00e9trocession : 80% Caract\u00e9ristiques du cabinet : . Logiciel utilis\u00e9 : HelloDoc . Secr\u00e9tariat : oui . &hellip; <a href=\"https:\/\/www.aimg-mp.com\/index.php\/2023\/06\/07\/saubens-haute-garonne-remplacement-periode-du-24-au-28-juillet-2023\/\">Continuer la lecture <span class=\"meta-nav\">&rarr;<\/span><\/a><\/p>\n","protected":false},"author":413,"featured_media":0,"comment_status":"closed","ping_status":"open","sticky":false,"template":"","format":"standard","meta":{"footnotes":""},"categories":[35,3],"tags":[],"class_list":["post-20442","post","type-post","status-publish","format-standard","hentry","category-lhaute-garonne","category-remplacement"],"_links":{"self":[{"href":"https:\/\/www.aimg-mp.com\/index.php\/wp-json\/wp\/v2\/posts\/20442","targetHints":{"allow":["GET"]}}],"collection":[{"href":"https:\/\/www.aimg-mp.com\/index.php\/wp-json\/wp\/v2\/posts"}],"about":[{"href":"https:\/\/www.aimg-mp.com\/index.php\/wp-json\/wp\/v2\/types\/post"}],"author":[{"embeddable":true,"href":"https:\/\/www.aimg-mp.com\/index.php\/wp-json\/wp\/v2\/users\/413"}],"replies":[{"embeddable":true,"href":"https:\/\/www.aimg-mp.com\/index.php\/wp-json\/wp\/v2\/comments?post=20442"}],"version-history":[{"count":0,"href":"https:\/\/www.aimg-mp.com\/index.php\/wp-json\/wp\/v2\/posts\/20442\/revisions"}],"wp:attachment":[{"href":"https:\/\/www.aimg-mp.com\/index.php\/wp-json\/wp\/v2\/media?parent=20442"}],"wp:term":[{"taxonomy":"category","embeddable":true,"href":"https:\/\/www.aimg-mp.com\/index.php\/wp-json\/wp\/v2\/categories?post=20442"},{"taxonomy":"post_tag","embeddable":true,"href":"https:\/\/www.aimg-mp.com\/index.php\/wp-json\/wp\/v2\/tags?post=20442"}],"curies":[{"name":"wp","href":"https:\/\/api.w.org\/{rel}","templated":true}]}}