{"id":19531,"date":"2022-12-31T10:28:56","date_gmt":"2022-12-31T09:28:56","guid":{"rendered":"https:\/\/www.aimg-mp.com\/?p=19531"},"modified":"2022-12-31T10:29:20","modified_gmt":"2022-12-31T09:29:20","slug":"tarbes-haute-pyrenees-installation","status":"publish","type":"post","link":"https:\/\/www.aimg-mp.com\/index.php\/2022\/12\/31\/tarbes-haute-pyrenees-installation\/","title":{"rendered":"Tarbes (Haute-Pyr\u00e9n\u00e9es) &#8211; Installation"},"content":{"rendered":"<p style=\"text-align: justify;\">Nom du praticien: Christian PEYRAGA<\/p>\n<p>Localisation : TARBES (Haute-Pyr\u00e9n\u00e9es)<\/p>\n<p>Description du lieu d&#8217;exercice :<br \/>\n&#8211; type de population : Urbaine<br \/>\n&#8211; Autres professionels : Dermatologue sp\u00e9cialis\u00e9 en m\u00e9decine esth\u00e9tique, recherche collaborateur-trice, dermatologue ou g\u00e9n\u00e9raliste, en vue de succession.<br \/>\n&#8211; Secr\u00e9tariat : non<br \/>\n&#8211; Possibilit\u00e9s d&#8217;aides \u00e0 l&#8217;installation : non<br \/>\n&#8211; Autres infos : Formation assur\u00e9e.<br \/>\nCA pour 3 1\/2 journ\u00e9es \/ semaine &gt; 150K<\/p>\n<p>Contact :<br \/>\nChristian PEYRAGA<br \/>\n<a href=\"mailto:christian.peyraga@wanadoo.fr\">christian.peyraga@wanadoo.fr<\/a><br \/>\n07 77 04 72 47<\/p>\n","protected":false},"excerpt":{"rendered":"<p>Nom du praticien: Christian PEYRAGA Localisation : TARBES (Haute-Pyr\u00e9n\u00e9es) Description du lieu d&#8217;exercice : &#8211; type de population : Urbaine &#8211; Autres professionels : Dermatologue sp\u00e9cialis\u00e9 en m\u00e9decine esth\u00e9tique, recherche collaborateur-trice, dermatologue ou g\u00e9n\u00e9raliste, en vue de succession. &#8211; Secr\u00e9tariat &hellip; <a href=\"https:\/\/www.aimg-mp.com\/index.php\/2022\/12\/31\/tarbes-haute-pyrenees-installation\/\">Continuer la lecture <span class=\"meta-nav\">&rarr;<\/span><\/a><\/p>\n","protected":false},"author":413,"featured_media":0,"comment_status":"closed","ping_status":"open","sticky":false,"template":"","format":"standard","meta":{"footnotes":""},"categories":[30,4],"tags":[],"class_list":["post-19531","post","type-post","status-publish","format-standard","hentry","category-les-hautes-pyrenees","category-installation"],"_links":{"self":[{"href":"https:\/\/www.aimg-mp.com\/index.php\/wp-json\/wp\/v2\/posts\/19531","targetHints":{"allow":["GET"]}}],"collection":[{"href":"https:\/\/www.aimg-mp.com\/index.php\/wp-json\/wp\/v2\/posts"}],"about":[{"href":"https:\/\/www.aimg-mp.com\/index.php\/wp-json\/wp\/v2\/types\/post"}],"author":[{"embeddable":true,"href":"https:\/\/www.aimg-mp.com\/index.php\/wp-json\/wp\/v2\/users\/413"}],"replies":[{"embeddable":true,"href":"https:\/\/www.aimg-mp.com\/index.php\/wp-json\/wp\/v2\/comments?post=19531"}],"version-history":[{"count":0,"href":"https:\/\/www.aimg-mp.com\/index.php\/wp-json\/wp\/v2\/posts\/19531\/revisions"}],"wp:attachment":[{"href":"https:\/\/www.aimg-mp.com\/index.php\/wp-json\/wp\/v2\/media?parent=19531"}],"wp:term":[{"taxonomy":"category","embeddable":true,"href":"https:\/\/www.aimg-mp.com\/index.php\/wp-json\/wp\/v2\/categories?post=19531"},{"taxonomy":"post_tag","embeddable":true,"href":"https:\/\/www.aimg-mp.com\/index.php\/wp-json\/wp\/v2\/tags?post=19531"}],"curies":[{"name":"wp","href":"https:\/\/api.w.org\/{rel}","templated":true}]}}