{"id":19506,"date":"2022-12-18T17:32:15","date_gmt":"2022-12-18T16:32:15","guid":{"rendered":"https:\/\/www.aimg-mp.com\/?p=19506"},"modified":"2022-12-18T17:32:27","modified_gmt":"2022-12-18T16:32:27","slug":"villefranche-dalbigeois-tarn-installation","status":"publish","type":"post","link":"https:\/\/www.aimg-mp.com\/index.php\/2022\/12\/18\/villefranche-dalbigeois-tarn-installation\/","title":{"rendered":"Villefranche d&#8217;Albigeois (Tarn) &#8211; Installation"},"content":{"rendered":"<p style=\"text-align: justify;\">Nom du praticien: BARDY\/GIMENEZ<\/p>\n<p>Localisation : Villefranche d&#8217;Albigeois (Tarn)<\/p>\n<p>Description du lieu d&#8217;exercice :<br \/>\n&#8211; Type de population : Semi-rurale<br \/>\n&#8211; Autres professionnels : ESP comprenant 2 m\u00e9decins, sage-femme, infirmi\u00e8res, orthophoniste, psychomotricienne, di\u00e9t\u00e9ticienne, podologue.<br \/>\n&#8211; Secr\u00e9tariat : oui<br \/>\n&#8211; Possibilit\u00e9s d&#8217;aides \u00e0 l&#8217;installation : oui<br \/>\n&#8211; Autres infos : installation en zone RR (d\u00e9fiscalisation) \u00e0 10 mn d&#8217;Albi. Cr\u00e9ation d&#8217;une MSP pour 2023. Locaux municipaux \u00a0neufs tr\u00e8s agr\u00e9ables. Location 10 euros\/mois. Charges 500 euros \/ mois. Pas de contrat entre les m\u00e9decins, chaqu&#8217;un ayant ainsi une libert\u00e9 totale. Prise en charge de l&#8217;informatique par l&#8217;ARS. Dans l&#8217;avenir la MSP prendra en charge le maximum des frais (secr\u00e9taires, charges, informatique&#8230;).<br \/>\nRecherche de 2 m\u00e9decins suppl\u00e9mentaires.<\/p>\n<p>Contact :<br \/>\nBARDY\/GIMENEZ<br \/>\n<a href=\"mailto:bardymax@yahoo.fr\">bardymax@yahoo.fr<\/a><br \/>\n05 \u00a036 46 00 00<br \/>\nvillefranche d&#8217;albi<\/p>\n","protected":false},"excerpt":{"rendered":"<p>Nom du praticien: BARDY\/GIMENEZ Localisation : Villefranche d&#8217;Albigeois (Tarn) Description du lieu d&#8217;exercice : &#8211; Type de population : Semi-rurale &#8211; Autres professionnels : ESP comprenant 2 m\u00e9decins, sage-femme, infirmi\u00e8res, orthophoniste, psychomotricienne, di\u00e9t\u00e9ticienne, podologue. &#8211; Secr\u00e9tariat : oui &#8211; Possibilit\u00e9s &hellip; <a href=\"https:\/\/www.aimg-mp.com\/index.php\/2022\/12\/18\/villefranche-dalbigeois-tarn-installation\/\">Continuer la lecture <span class=\"meta-nav\">&rarr;<\/span><\/a><\/p>\n","protected":false},"author":413,"featured_media":0,"comment_status":"closed","ping_status":"open","sticky":false,"template":"","format":"standard","meta":{"footnotes":""},"categories":[4,28],"tags":[],"class_list":["post-19506","post","type-post","status-publish","format-standard","hentry","category-installation","category-le-tarn"],"_links":{"self":[{"href":"https:\/\/www.aimg-mp.com\/index.php\/wp-json\/wp\/v2\/posts\/19506","targetHints":{"allow":["GET"]}}],"collection":[{"href":"https:\/\/www.aimg-mp.com\/index.php\/wp-json\/wp\/v2\/posts"}],"about":[{"href":"https:\/\/www.aimg-mp.com\/index.php\/wp-json\/wp\/v2\/types\/post"}],"author":[{"embeddable":true,"href":"https:\/\/www.aimg-mp.com\/index.php\/wp-json\/wp\/v2\/users\/413"}],"replies":[{"embeddable":true,"href":"https:\/\/www.aimg-mp.com\/index.php\/wp-json\/wp\/v2\/comments?post=19506"}],"version-history":[{"count":0,"href":"https:\/\/www.aimg-mp.com\/index.php\/wp-json\/wp\/v2\/posts\/19506\/revisions"}],"wp:attachment":[{"href":"https:\/\/www.aimg-mp.com\/index.php\/wp-json\/wp\/v2\/media?parent=19506"}],"wp:term":[{"taxonomy":"category","embeddable":true,"href":"https:\/\/www.aimg-mp.com\/index.php\/wp-json\/wp\/v2\/categories?post=19506"},{"taxonomy":"post_tag","embeddable":true,"href":"https:\/\/www.aimg-mp.com\/index.php\/wp-json\/wp\/v2\/tags?post=19506"}],"curies":[{"name":"wp","href":"https:\/\/api.w.org\/{rel}","templated":true}]}}